{"id":1335,"date":"2009-11-28T23:13:34","date_gmt":"2009-11-28T22:13:34","guid":{"rendered":"http:\/\/www.choye.fr\/?p=1335"},"modified":"2009-12-13T20:24:27","modified_gmt":"2009-12-13T19:24:27","slug":"decorations-de-noel-2","status":"publish","type":"post","link":"http:\/\/www.choye.fr\/?p=1335","title":{"rendered":"D\u00e9corations de No\u00ebl"},"content":{"rendered":"<p style=\"text-align: justify;\"><a href=\"http:\/\/www.choye.fr\/wp-content\/uploads\/2009\/11\/pb270015-copie.jpg\"><img decoding=\"async\" loading=\"lazy\" class=\"alignleft size-thumbnail wp-image-1336\" title=\"pb270015-copie\" src=\"http:\/\/www.choye.fr\/wp-content\/uploads\/2009\/11\/pb270015-copie-120x90.jpg\" alt=\"\" width=\"120\" height=\"90\" srcset=\"http:\/\/www.choye.fr\/wp-content\/uploads\/2009\/11\/pb270015-copie-120x90.jpg 120w, http:\/\/www.choye.fr\/wp-content\/uploads\/2009\/11\/pb270015-copie-300x225.jpg 300w, http:\/\/www.choye.fr\/wp-content\/uploads\/2009\/11\/pb270015-copie.jpg 448w\" sizes=\"(max-width: 120px) 100vw, 120px\" \/><\/a>Une vingtaine de b\u00e9n\u00e9voles s&rsquo;\u00e9taient donn\u00e9 rendez-vous ce samedi matin sur la place pour\u00a0installer les traditionnelles d\u00e9corations de No\u00ebl. Le branchement principal et\u00a0la suspension de quelques motifs lumineux ont \u00e9t\u00e9 r\u00e9alis\u00e9s avec l\u2019aide de l\u2019entreprise Milleret de Charcenne. Ensuite, toute l&rsquo;\u00e9quipe s&rsquo;est employ\u00e9e jusqu&rsquo;\u00e0 17h00 \u00e0 la mise en place des sapins, guirlandes et autres d\u00e9corations solidement fix\u00e9es pour r\u00e9sister au vent. Comme d&rsquo;habitude, la contribution des \u00e9lectriciens, Hubert Petitjean, Bernard et Johann Charbonnet, a \u00e9t\u00e9 d\u00e9terminante pour permettre les nombreux branchements n\u00e9cessaires aux gurilandes lumineuses.<\/p>\n<p style=\"text-align: justify;\">Merci \u00e0 cette sympathique \u00e9quipe!<\/p>\n","protected":false},"excerpt":{"rendered":"<p>Une vingtaine de b\u00e9n\u00e9voles s&rsquo;\u00e9taient donn\u00e9 rendez-vous ce samedi matin sur la place pour\u00a0installer les traditionnelles d\u00e9corations de No\u00ebl. Le branchement principal et\u00a0la suspension de quelques motifs lumineux ont \u00e9t\u00e9 r\u00e9alis\u00e9s avec l\u2019aide de l\u2019entreprise Milleret de Charcenne. Ensuite, toute &hellip; <a href=\"http:\/\/www.choye.fr\/?p=1335\">Continuer la lecture <span class=\"meta-nav\">&rarr;<\/span><\/a><\/p>\n","protected":false},"author":258,"featured_media":0,"comment_status":"open","ping_status":"open","sticky":false,"template":"","format":"standard","meta":{"ngg_post_thumbnail":0},"categories":[11],"tags":[],"post_mailing_queue_ids":[],"_links":{"self":[{"href":"http:\/\/www.choye.fr\/index.php?rest_route=\/wp\/v2\/posts\/1335"}],"collection":[{"href":"http:\/\/www.choye.fr\/index.php?rest_route=\/wp\/v2\/posts"}],"about":[{"href":"http:\/\/www.choye.fr\/index.php?rest_route=\/wp\/v2\/types\/post"}],"author":[{"embeddable":true,"href":"http:\/\/www.choye.fr\/index.php?rest_route=\/wp\/v2\/users\/258"}],"replies":[{"embeddable":true,"href":"http:\/\/www.choye.fr\/index.php?rest_route=%2Fwp%2Fv2%2Fcomments&post=1335"}],"version-history":[{"count":3,"href":"http:\/\/www.choye.fr\/index.php?rest_route=\/wp\/v2\/posts\/1335\/revisions"}],"predecessor-version":[{"id":1358,"href":"http:\/\/www.choye.fr\/index.php?rest_route=\/wp\/v2\/posts\/1335\/revisions\/1358"}],"wp:attachment":[{"href":"http:\/\/www.choye.fr\/index.php?rest_route=%2Fwp%2Fv2%2Fmedia&parent=1335"}],"wp:term":[{"taxonomy":"category","embeddable":true,"href":"http:\/\/www.choye.fr\/index.php?rest_route=%2Fwp%2Fv2%2Fcategories&post=1335"},{"taxonomy":"post_tag","embeddable":true,"href":"http:\/\/www.choye.fr\/index.php?rest_route=%2Fwp%2Fv2%2Ftags&post=1335"}],"curies":[{"name":"wp","href":"https:\/\/api.w.org\/{rel}","templated":true}]}}