{"id":1314,"date":"2009-12-12T11:44:55","date_gmt":"2009-12-12T10:44:55","guid":{"rendered":"http:\/\/www.choye.fr\/?p=1314"},"modified":"2009-12-14T23:03:59","modified_gmt":"2009-12-14T22:03:59","slug":"fete-de-noel-a-choye","status":"publish","type":"post","link":"http:\/\/www.choye.fr\/?p=1314","title":{"rendered":"F\u00eate de No\u00ebl, une belle soir\u00e9e"},"content":{"rendered":"<p><a href=\"http:\/\/www.choye.fr\/wp-content\/uploads\/2009\/11\/noel-sapin.gif\"><\/a><\/p>\n<p style=\"text-align: justify;\"><a href=\"http:\/\/www.choye.fr\/wp-content\/uploads\/2009\/12\/pc120025.jpg\"><img decoding=\"async\" loading=\"lazy\" class=\"alignleft size-thumbnail wp-image-1360\" title=\"pc120025\" src=\"http:\/\/www.choye.fr\/wp-content\/uploads\/2009\/12\/pc120025-120x90.jpg\" alt=\"\" width=\"120\" height=\"90\" srcset=\"http:\/\/www.choye.fr\/wp-content\/uploads\/2009\/12\/pc120025-120x90.jpg 120w, http:\/\/www.choye.fr\/wp-content\/uploads\/2009\/12\/pc120025-300x225.jpg 300w, http:\/\/www.choye.fr\/wp-content\/uploads\/2009\/12\/pc120025.jpg 448w\" sizes=\"(max-width: 120px) 100vw, 120px\" \/><\/a>C&rsquo;est presque devenu une tradition, No\u00ebl a \u00e9t\u00e9 dignement f\u00eat\u00e9 ce samedi 12 d\u00e9cembre 2009\u00a0avec le soutien du Comit\u00e9 des f\u00eates de Choye. Les enfants se sont rassembl\u00e9s\u00a0au gymnase de l&rsquo;IMP, point de d\u00e9part d&rsquo;un parcours \u00e9clair\u00e9 au flambeau dans les rues du village avec la visite de la Maison du P\u00e8re No\u00ebl chez Muriel et Germain Barbe. Surprise asssur\u00e9e avec, au retour, la rencontre du p\u00e8re No\u00ebl sur la place puis le spectacle de magie qui a ravi les petits et les grands.\u00a0Plus d&rsquo;une centaine de personnes ont particip\u00e9 ensuite \u00e0 l&rsquo;ap\u00e9ritif offert par la municipalit\u00e9 et \u00e0 la soir\u00e9e\u00a0cancoillotte. <a href=\"http:\/\/www.choye.fr\/?page_id=16&amp;album=1&amp;gallery=14\" target=\"_self\">&gt; les photos<\/a><\/p>\n","protected":false},"excerpt":{"rendered":"<p>C&rsquo;est presque devenu une tradition, No\u00ebl a \u00e9t\u00e9 dignement f\u00eat\u00e9 ce samedi 12 d\u00e9cembre 2009\u00a0avec le soutien du Comit\u00e9 des f\u00eates de Choye. Les enfants se sont rassembl\u00e9s\u00a0au gymnase de l&rsquo;IMP, point de d\u00e9part d&rsquo;un parcours \u00e9clair\u00e9 au flambeau dans &hellip; <a href=\"http:\/\/www.choye.fr\/?p=1314\">Continuer la lecture <span class=\"meta-nav\">&rarr;<\/span><\/a><\/p>\n","protected":false},"author":258,"featured_media":0,"comment_status":"open","ping_status":"open","sticky":false,"template":"","format":"standard","meta":{"ngg_post_thumbnail":0},"categories":[8,11],"tags":[],"post_mailing_queue_ids":[],"_links":{"self":[{"href":"http:\/\/www.choye.fr\/index.php?rest_route=\/wp\/v2\/posts\/1314"}],"collection":[{"href":"http:\/\/www.choye.fr\/index.php?rest_route=\/wp\/v2\/posts"}],"about":[{"href":"http:\/\/www.choye.fr\/index.php?rest_route=\/wp\/v2\/types\/post"}],"author":[{"embeddable":true,"href":"http:\/\/www.choye.fr\/index.php?rest_route=\/wp\/v2\/users\/258"}],"replies":[{"embeddable":true,"href":"http:\/\/www.choye.fr\/index.php?rest_route=%2Fwp%2Fv2%2Fcomments&post=1314"}],"version-history":[{"count":7,"href":"http:\/\/www.choye.fr\/index.php?rest_route=\/wp\/v2\/posts\/1314\/revisions"}],"predecessor-version":[{"id":1368,"href":"http:\/\/www.choye.fr\/index.php?rest_route=\/wp\/v2\/posts\/1314\/revisions\/1368"}],"wp:attachment":[{"href":"http:\/\/www.choye.fr\/index.php?rest_route=%2Fwp%2Fv2%2Fmedia&parent=1314"}],"wp:term":[{"taxonomy":"category","embeddable":true,"href":"http:\/\/www.choye.fr\/index.php?rest_route=%2Fwp%2Fv2%2Fcategories&post=1314"},{"taxonomy":"post_tag","embeddable":true,"href":"http:\/\/www.choye.fr\/index.php?rest_route=%2Fwp%2Fv2%2Ftags&post=1314"}],"curies":[{"name":"wp","href":"https:\/\/api.w.org\/{rel}","templated":true}]}}