{"id":1296,"date":"2009-11-09T00:03:11","date_gmt":"2009-11-08T23:03:11","guid":{"rendered":"http:\/\/www.choye.fr\/?p=1296"},"modified":"2009-11-08T23:40:22","modified_gmt":"2009-11-08T22:40:22","slug":"felicitations","status":"publish","type":"post","link":"http:\/\/www.choye.fr\/?p=1296","title":{"rendered":"F\u00e9licitations"},"content":{"rendered":"<p style=\"text-align: justify;\"><a href=\"http:\/\/www.choye.fr\/wp-content\/uploads\/2009\/11\/diplome.gif\"><img decoding=\"async\" loading=\"lazy\" class=\"alignleft size-thumbnail wp-image-1297\" title=\"diplome\" src=\"http:\/\/www.choye.fr\/wp-content\/uploads\/2009\/11\/diplome-120x90.gif\" alt=\"\" width=\"120\" height=\"90\" \/><\/a>F\u00e9licitations \u00e0 Virginie Saillard qui vient de se voir d\u00e9cerner le dipl\u00f4me \u00ab\u00a0chef d&rsquo;entreprise d\u00e9veloppeur de PME\u00a0\u00bb par l&rsquo;\u00e9cole des managers de Franche-Comt\u00e9 de Vesoul. Ce nouveau dipl\u00f4me d&rsquo;Etat r\u00e9cemment reconnu par le minist\u00e8re des PME, du commerce et de l&rsquo;artisanat certifie officiellement les comp\u00e9tences des \u00e9l\u00e8ves qui ont suivi le cursus de formation de cette \u00e9cole (Est r\u00e9publicain du 8 novembre 2009).<\/p>\n","protected":false},"excerpt":{"rendered":"<p>F\u00e9licitations \u00e0 Virginie Saillard qui vient de se voir d\u00e9cerner le dipl\u00f4me \u00ab\u00a0chef d&rsquo;entreprise d\u00e9veloppeur de PME\u00a0\u00bb par l&rsquo;\u00e9cole des managers de Franche-Comt\u00e9 de Vesoul. Ce nouveau dipl\u00f4me d&rsquo;Etat r\u00e9cemment reconnu par le minist\u00e8re des PME, du commerce et de &hellip; <a href=\"http:\/\/www.choye.fr\/?p=1296\">Continuer la lecture <span class=\"meta-nav\">&rarr;<\/span><\/a><\/p>\n","protected":false},"author":258,"featured_media":0,"comment_status":"open","ping_status":"open","sticky":false,"template":"","format":"standard","meta":{"ngg_post_thumbnail":0},"categories":[11],"tags":[],"post_mailing_queue_ids":[],"_links":{"self":[{"href":"http:\/\/www.choye.fr\/index.php?rest_route=\/wp\/v2\/posts\/1296"}],"collection":[{"href":"http:\/\/www.choye.fr\/index.php?rest_route=\/wp\/v2\/posts"}],"about":[{"href":"http:\/\/www.choye.fr\/index.php?rest_route=\/wp\/v2\/types\/post"}],"author":[{"embeddable":true,"href":"http:\/\/www.choye.fr\/index.php?rest_route=\/wp\/v2\/users\/258"}],"replies":[{"embeddable":true,"href":"http:\/\/www.choye.fr\/index.php?rest_route=%2Fwp%2Fv2%2Fcomments&post=1296"}],"version-history":[{"count":4,"href":"http:\/\/www.choye.fr\/index.php?rest_route=\/wp\/v2\/posts\/1296\/revisions"}],"predecessor-version":[{"id":1301,"href":"http:\/\/www.choye.fr\/index.php?rest_route=\/wp\/v2\/posts\/1296\/revisions\/1301"}],"wp:attachment":[{"href":"http:\/\/www.choye.fr\/index.php?rest_route=%2Fwp%2Fv2%2Fmedia&parent=1296"}],"wp:term":[{"taxonomy":"category","embeddable":true,"href":"http:\/\/www.choye.fr\/index.php?rest_route=%2Fwp%2Fv2%2Fcategories&post=1296"},{"taxonomy":"post_tag","embeddable":true,"href":"http:\/\/www.choye.fr\/index.php?rest_route=%2Fwp%2Fv2%2Ftags&post=1296"}],"curies":[{"name":"wp","href":"https:\/\/api.w.org\/{rel}","templated":true}]}}