{"id":1288,"date":"2009-11-11T19:00:00","date_gmt":"2009-11-11T18:00:00","guid":{"rendered":"http:\/\/www.choye.fr\/?p=1288"},"modified":"2010-07-31T15:23:36","modified_gmt":"2010-07-31T14:23:36","slug":"commemoration-de-l%e2%80%99armistice-du-11-novembre-1918","status":"publish","type":"post","link":"http:\/\/www.choye.fr\/?p=1288","title":{"rendered":"Comm\u00e9moration de l\u2019armistice du 11 novembre 1918"},"content":{"rendered":"<p class=\"MsoNormal\" style=\"margin: 0cm 0cm 0pt; text-align: justify;\"><a href=\"http:\/\/www.choye.fr\/wp-content\/uploads\/2009\/11\/monument-aux-morts.jpg\"><\/a><a href=\"http:\/\/www.choye.fr\/wp-content\/uploads\/2009\/11\/pb100023-copie.jpg\"><img decoding=\"async\" loading=\"lazy\" class=\"alignleft size-thumbnail wp-image-1306\" title=\"pb100023-copie\" src=\"http:\/\/www.choye.fr\/wp-content\/uploads\/2009\/11\/pb100023-copie-120x90.jpg\" alt=\"\" width=\"120\" height=\"90\" \/><\/a>Malgr\u00e9 un temps froid et brumeux, de nombreux habitants de Choye s&rsquo;\u00e9taient d\u00e9plac\u00e9s pour assister \u00e0 une comm\u00e9moration de l\u2019armistice du 11 novembre 1918 exceptionnelle.\u00a0Le\u00a0Capitaine de vaisseau en retraite, Fran\u00e7ois-Xavier Leclerc, accompagn\u00e9 de sa famille, \u00e9tait\u00a0venu de Paris\u00a0pour \u00e9voquer la m\u00e9moire de son oncle le Colonel\u00a0Henri Leclerc. Le colonel Henri Leclerc \u00e9tait le fils du g\u00e9n\u00e9ral Sosth\u00e8ne Leclerc qui s&rsquo;\u00e9tait install\u00e9 \u00e0 Choye et y v\u00e9cut jusqu&rsquo;\u00e0\u00a0son d\u00e9c\u00e8s en 1913, et, le fr\u00e8re du colonel Paul Leclerc, propri\u00e9taire de la maison familiale jusqu&rsquo;en 1970, connu et appr\u00e9ci\u00e9 \u00e0 Choye.<\/p>\n<p class=\"MsoNormal\" style=\"margin: 0cm 0cm 0pt; text-align: justify;\"><a href=\"http:\/\/www.choye.fr\/wp-content\/uploads\/2009\/11\/pb100013-copie.jpg\"><img decoding=\"async\" loading=\"lazy\" class=\"alignright size-thumbnail wp-image-1308\" title=\"pb100013-copie\" src=\"http:\/\/www.choye.fr\/wp-content\/uploads\/2009\/11\/pb100013-copie-120x90.jpg\" alt=\"\" width=\"120\" height=\"90\" \/><\/a>Un hommage particulier a \u00e9t\u00e9 rendu au colonel Henri Leclerc, en pr\u00e9sence de Michel Saillard, pr\u00e9sident des anciens combattants, des anciens combattants et des maires de Choye, Velloreille-les-Choye et Villefrancon.<\/p>\n<p class=\"MsoNormal\" style=\"margin: 0cm 0cm 0pt; text-align: justify;\"><a href=\"http:\/\/www.choye.fr\/wp-content\/uploads\/2009\/11\/pb100013-copie.jpg\"><\/a><\/p>\n","protected":false},"excerpt":{"rendered":"<p>Malgr\u00e9 un temps froid et brumeux, de nombreux habitants de Choye s&rsquo;\u00e9taient d\u00e9plac\u00e9s pour assister \u00e0 une comm\u00e9moration de l\u2019armistice du 11 novembre 1918 exceptionnelle.\u00a0Le\u00a0Capitaine de vaisseau en retraite, Fran\u00e7ois-Xavier Leclerc, accompagn\u00e9 de sa famille, \u00e9tait\u00a0venu de Paris\u00a0pour \u00e9voquer la &hellip; <a href=\"http:\/\/www.choye.fr\/?p=1288\">Continuer la lecture <span class=\"meta-nav\">&rarr;<\/span><\/a><\/p>\n","protected":false},"author":258,"featured_media":0,"comment_status":"open","ping_status":"open","sticky":false,"template":"","format":"standard","meta":{"ngg_post_thumbnail":0},"categories":[8,11],"tags":[],"post_mailing_queue_ids":[],"_links":{"self":[{"href":"http:\/\/www.choye.fr\/index.php?rest_route=\/wp\/v2\/posts\/1288"}],"collection":[{"href":"http:\/\/www.choye.fr\/index.php?rest_route=\/wp\/v2\/posts"}],"about":[{"href":"http:\/\/www.choye.fr\/index.php?rest_route=\/wp\/v2\/types\/post"}],"author":[{"embeddable":true,"href":"http:\/\/www.choye.fr\/index.php?rest_route=\/wp\/v2\/users\/258"}],"replies":[{"embeddable":true,"href":"http:\/\/www.choye.fr\/index.php?rest_route=%2Fwp%2Fv2%2Fcomments&post=1288"}],"version-history":[{"count":8,"href":"http:\/\/www.choye.fr\/index.php?rest_route=\/wp\/v2\/posts\/1288\/revisions"}],"predecessor-version":[{"id":1916,"href":"http:\/\/www.choye.fr\/index.php?rest_route=\/wp\/v2\/posts\/1288\/revisions\/1916"}],"wp:attachment":[{"href":"http:\/\/www.choye.fr\/index.php?rest_route=%2Fwp%2Fv2%2Fmedia&parent=1288"}],"wp:term":[{"taxonomy":"category","embeddable":true,"href":"http:\/\/www.choye.fr\/index.php?rest_route=%2Fwp%2Fv2%2Fcategories&post=1288"},{"taxonomy":"post_tag","embeddable":true,"href":"http:\/\/www.choye.fr\/index.php?rest_route=%2Fwp%2Fv2%2Ftags&post=1288"}],"curies":[{"name":"wp","href":"https:\/\/api.w.org\/{rel}","templated":true}]}}