{"id":1258,"date":"2009-10-16T11:07:51","date_gmt":"2009-10-16T10:07:51","guid":{"rendered":"http:\/\/www.choye.fr\/?p=1258"},"modified":"2009-10-16T11:07:51","modified_gmt":"2009-10-16T10:07:51","slug":"piscine-bien-frequentee","status":"publish","type":"post","link":"http:\/\/www.choye.fr\/?p=1258","title":{"rendered":"Piscine bien fr\u00e9quent\u00e9e"},"content":{"rendered":"<p style=\"text-align: justify;\"><a href=\"http:\/\/www.choye.fr\/wp-content\/uploads\/2009\/10\/piscine-090809-copie.jpg\"><img decoding=\"async\" loading=\"lazy\" class=\"alignleft size-thumbnail wp-image-1259\" title=\"piscine-090809-copie\" src=\"http:\/\/www.choye.fr\/wp-content\/uploads\/2009\/10\/piscine-090809-copie-120x90.jpg\" alt=\"\" width=\"120\" height=\"90\" srcset=\"http:\/\/www.choye.fr\/wp-content\/uploads\/2009\/10\/piscine-090809-copie-120x90.jpg 120w, http:\/\/www.choye.fr\/wp-content\/uploads\/2009\/10\/piscine-090809-copie-300x225.jpg 300w, http:\/\/www.choye.fr\/wp-content\/uploads\/2009\/10\/piscine-090809-copie.jpg 448w\" sizes=\"(max-width: 120px) 100vw, 120px\" \/><\/a>La premi\u00e8re exp\u00e9rience d&rsquo;ouverture de la piscine a \u00e9t\u00e9 un succ\u00e8s avec\u00a0129 entr\u00e9es adultes et 237 enfants soit 366 entr\u00e9es r\u00e9parties sur les mercredi, samedi apr\u00e8s-midi et dimanche matin de\u00a0juillet \u00e0 septembre.\u00a0Cette action s&rsquo;inscrivait dans le cadre de la nouvelle convention commune-IMP qui a permis \u00e0 de nombreux habitants de Choye de\u00a0profiter de la\u00a0piscine du \u00abch\u00e2teau\u00bb\u00a0en\u00a0pr\u00e9sence de ma\u00eetre-nageurs diplom\u00e9s qui\u00a0ont assur\u00e9 la s\u00e9curit\u00e9 de tous. Un grand merci \u00e0 l&rsquo;IMP et \u00e0 l&rsquo;Association franco suisse.<\/p>\n","protected":false},"excerpt":{"rendered":"<p>La premi\u00e8re exp\u00e9rience d&rsquo;ouverture de la piscine a \u00e9t\u00e9 un succ\u00e8s avec\u00a0129 entr\u00e9es adultes et 237 enfants soit 366 entr\u00e9es r\u00e9parties sur les mercredi, samedi apr\u00e8s-midi et dimanche matin de\u00a0juillet \u00e0 septembre.\u00a0Cette action s&rsquo;inscrivait dans le cadre de la nouvelle &hellip; <a href=\"http:\/\/www.choye.fr\/?p=1258\">Continuer la lecture <span class=\"meta-nav\">&rarr;<\/span><\/a><\/p>\n","protected":false},"author":258,"featured_media":0,"comment_status":"open","ping_status":"open","sticky":false,"template":"","format":"standard","meta":{"ngg_post_thumbnail":0},"categories":[11],"tags":[],"post_mailing_queue_ids":[],"_links":{"self":[{"href":"http:\/\/www.choye.fr\/index.php?rest_route=\/wp\/v2\/posts\/1258"}],"collection":[{"href":"http:\/\/www.choye.fr\/index.php?rest_route=\/wp\/v2\/posts"}],"about":[{"href":"http:\/\/www.choye.fr\/index.php?rest_route=\/wp\/v2\/types\/post"}],"author":[{"embeddable":true,"href":"http:\/\/www.choye.fr\/index.php?rest_route=\/wp\/v2\/users\/258"}],"replies":[{"embeddable":true,"href":"http:\/\/www.choye.fr\/index.php?rest_route=%2Fwp%2Fv2%2Fcomments&post=1258"}],"version-history":[{"count":1,"href":"http:\/\/www.choye.fr\/index.php?rest_route=\/wp\/v2\/posts\/1258\/revisions"}],"predecessor-version":[{"id":1260,"href":"http:\/\/www.choye.fr\/index.php?rest_route=\/wp\/v2\/posts\/1258\/revisions\/1260"}],"wp:attachment":[{"href":"http:\/\/www.choye.fr\/index.php?rest_route=%2Fwp%2Fv2%2Fmedia&parent=1258"}],"wp:term":[{"taxonomy":"category","embeddable":true,"href":"http:\/\/www.choye.fr\/index.php?rest_route=%2Fwp%2Fv2%2Fcategories&post=1258"},{"taxonomy":"post_tag","embeddable":true,"href":"http:\/\/www.choye.fr\/index.php?rest_route=%2Fwp%2Fv2%2Ftags&post=1258"}],"curies":[{"name":"wp","href":"https:\/\/api.w.org\/{rel}","templated":true}]}}