{"id":1149,"date":"2009-08-02T22:01:52","date_gmt":"2009-08-02T21:01:52","guid":{"rendered":"http:\/\/www.choye.fr\/?p=1149"},"modified":"2010-07-31T15:27:02","modified_gmt":"2010-07-31T14:27:02","slug":"pique-nique-avec-lassociation-des-familles-denfants-handicapes","status":"publish","type":"post","link":"http:\/\/www.choye.fr\/?p=1149","title":{"rendered":"vacances \u00e0 Choye pour des personnes handicap\u00e9es"},"content":{"rendered":"<p style=\"text-align: justify;\"><a href=\"http:\/\/www.choye.fr\/wp-content\/uploads\/2009\/08\/handicapes-la-poste-et-ft.jpg\"><img decoding=\"async\" loading=\"lazy\" class=\"alignleft size-thumbnail wp-image-1150\" title=\"handicapes-la-poste-et-ft\" src=\"http:\/\/www.choye.fr\/wp-content\/uploads\/2009\/08\/handicapes-la-poste-et-ft-120x90.jpg\" alt=\"\" width=\"120\" height=\"90\" srcset=\"http:\/\/www.choye.fr\/wp-content\/uploads\/2009\/08\/handicapes-la-poste-et-ft-120x90.jpg 120w, http:\/\/www.choye.fr\/wp-content\/uploads\/2009\/08\/handicapes-la-poste-et-ft-300x225.jpg 300w, http:\/\/www.choye.fr\/wp-content\/uploads\/2009\/08\/handicapes-la-poste-et-ft.jpg 448w\" sizes=\"(max-width: 120px) 100vw, 120px\" \/><\/a>Un groupe de personnes handicap\u00e9es m\u00e8ne \u00abla vie de ch\u00e2teau\u00bb \u00e0 Choye, dans les structures de l&rsquo;IMP. C&rsquo;est un centre de vacances de l&rsquo;Association des familles d&rsquo;Enfants Handicap\u00e9s de la Poste et des T\u00e9l\u00e9com. Le groupe compte\u00a024 vacanciers et 24 personnes \u00e0 leur service.\u00a0Un travail favorisant la socialisation et l&rsquo;int\u00e9gration est fait : \u00ab Il ne s&rsquo;agit pas de gommer ou de nier la diff\u00e9rence, mais de mener une action afin que la c\u0153xistence entre la personne handicap\u00e9e\u00a0et les autres personnes. C&rsquo;est pourquoi le centre bas\u00e9 \u00e0 Choye favorise les sorties vers l&rsquo;exterieur : plages, restaurants, promenades.<\/p>\n","protected":false},"excerpt":{"rendered":"<p>Un groupe de personnes handicap\u00e9es m\u00e8ne \u00abla vie de ch\u00e2teau\u00bb \u00e0 Choye, dans les structures de l&rsquo;IMP. C&rsquo;est un centre de vacances de l&rsquo;Association des familles d&rsquo;Enfants Handicap\u00e9s de la Poste et des T\u00e9l\u00e9com. Le groupe compte\u00a024 vacanciers et 24 &hellip; <a href=\"http:\/\/www.choye.fr\/?p=1149\">Continuer la lecture <span class=\"meta-nav\">&rarr;<\/span><\/a><\/p>\n","protected":false},"author":258,"featured_media":0,"comment_status":"open","ping_status":"open","sticky":false,"template":"","format":"standard","meta":{"ngg_post_thumbnail":0},"categories":[11],"tags":[],"post_mailing_queue_ids":[],"_links":{"self":[{"href":"http:\/\/www.choye.fr\/index.php?rest_route=\/wp\/v2\/posts\/1149"}],"collection":[{"href":"http:\/\/www.choye.fr\/index.php?rest_route=\/wp\/v2\/posts"}],"about":[{"href":"http:\/\/www.choye.fr\/index.php?rest_route=\/wp\/v2\/types\/post"}],"author":[{"embeddable":true,"href":"http:\/\/www.choye.fr\/index.php?rest_route=\/wp\/v2\/users\/258"}],"replies":[{"embeddable":true,"href":"http:\/\/www.choye.fr\/index.php?rest_route=%2Fwp%2Fv2%2Fcomments&post=1149"}],"version-history":[{"count":4,"href":"http:\/\/www.choye.fr\/index.php?rest_route=\/wp\/v2\/posts\/1149\/revisions"}],"predecessor-version":[{"id":1920,"href":"http:\/\/www.choye.fr\/index.php?rest_route=\/wp\/v2\/posts\/1149\/revisions\/1920"}],"wp:attachment":[{"href":"http:\/\/www.choye.fr\/index.php?rest_route=%2Fwp%2Fv2%2Fmedia&parent=1149"}],"wp:term":[{"taxonomy":"category","embeddable":true,"href":"http:\/\/www.choye.fr\/index.php?rest_route=%2Fwp%2Fv2%2Fcategories&post=1149"},{"taxonomy":"post_tag","embeddable":true,"href":"http:\/\/www.choye.fr\/index.php?rest_route=%2Fwp%2Fv2%2Ftags&post=1149"}],"curies":[{"name":"wp","href":"https:\/\/api.w.org\/{rel}","templated":true}]}}