{"id":1096,"date":"2009-07-22T00:00:54","date_gmt":"2009-07-21T23:00:54","guid":{"rendered":"http:\/\/www.choye.fr\/?p=1096"},"modified":"2009-07-22T09:14:02","modified_gmt":"2009-07-22T08:14:02","slug":"conseil-municipal-du-20-juillet-2009","status":"publish","type":"post","link":"http:\/\/www.choye.fr\/?p=1096","title":{"rendered":"Conseil municipal du 20 juillet 2009"},"content":{"rendered":"<p style=\"text-align: justify;\"><a href=\"http:\/\/www.choye.fr\/wp-content\/uploads\/2009\/07\/entrc3a9e20mairie20160308200021.jpg\"><img decoding=\"async\" loading=\"lazy\" class=\"alignleft size-thumbnail wp-image-1095\" title=\"entrc3a9e20mairie20160308200021\" src=\"http:\/\/www.choye.fr\/wp-content\/uploads\/2009\/07\/entrc3a9e20mairie20160308200021-120x90.jpg\" alt=\"\" width=\"120\" height=\"90\" \/><\/a><strong>Nouveaux locaux pour la mairie, travaux et financement : <\/strong>Les travaux se d\u00e9roulent comme pr\u00e9vus. Apr\u00e8s les travaux de d\u00e9molition et de gros \u0153uvre en ma\u00e7onnerie, ce sont les travaux de couverture qui sont en cours conform\u00e9ment au calendrier initial. Les travaux de second \u0153uvre d\u00e9butent dans les prochains jours. Le co\u00fbt pr\u00e9visionnel des travaux est estim\u00e9 \u00e0 334\u00a0500 \u20ac.\u00a0Le projet b\u00e9n\u00e9ficie des subventions de l\u2019Etat, du Conseil R\u00e9gional et du Conseil G\u00e9n\u00e9ral \u00e0 hauteur de 127\u00a0000 \u20ac. La diff\u00e9rence est financ\u00e9e par un report de recettes de la vente du presbyt\u00e8re, un emprunt court terme d\u2019une dur\u00e9e de deux ans \u00e0 hauteur de 50\u00a0000 \u20ac qui sera rembours\u00e9 apr\u00e8s reversement de la compensation de TVA par l\u2019Etat en 2011 et, un emprunt long terme d\u2019une dur\u00e9e de 15 ans \u00e0 hauteur de 40\u00a0000 \u20ac.\u00a0<!--more-->Apr\u00e8s consultation des principaux \u00e9tablissements bancaires, le conseil municipal d\u00e9cide de souscrire l\u2019emprunt \u00e0 court terme aupr\u00e8s de la Caisse d\u2019Epargne et l\u2019emprunt \u00e0 long terme aupr\u00e8s de la Banque Populaire.<\/p>\n<p style=\"text-align: justify;\"><strong>Locaux provisoire pompiers et agent municipal :\u00a0<\/strong>Le conseil municipal d\u00e9cide de verser une participation de 150 \u20ac par an aux propri\u00e9taires qui h\u00e9bergent le v\u00e9hiculent et les mat\u00e9riels pour leur permettre de faire face aux co\u00fbts engendr\u00e9s (assurances\u2026).\u00a0<\/p>\n<p style=\"text-align: justify;\"><strong>Propri\u00e9t\u00e9 rue du Chatelet<\/strong> : Le Conseil municipal souhaite qu\u2019un g\u00e9om\u00e8tre soit consult\u00e9 afin d\u2019engager une proc\u00e9dure d\u2019expulsion qui permettrait de lib\u00e9rer ce terrain d\u00e9laiss\u00e9, bien situ\u00e9 au c\u0153ur du village, pour y cr\u00e9er des logements adapt\u00e9s aux personnes \u00e2g\u00e9es.<\/p>\n<p style=\"text-align: justify;\"><strong>Questions diverses :\u00a0<\/strong>Le conseil municipal prend connaissance de l\u2019enqu\u00eate r\u00e9alis\u00e9e aupr\u00e8s des habitants afin de rechercher les meilleures solutions susceptibles d\u2019am\u00e9liorer la s\u00e9curit\u00e9 du carrefour rue du pont\/Route de Charcenne. 32,4% se sont prononc\u00e9s pour le remplacement du miroir et 63,4\u00a0 pour l\u2019instauration d\u2019un sens unique et, 4,2% ont propos\u00e9 des solutions alternatives. La d\u00e9cision sera prise lors de la prochaine r\u00e9union du conseil municipal.<\/p>\n<p style=\"text-align: justify;\">Enfin, le Maire remercie les conseillers municipaux et les b\u00e9n\u00e9voles qui se sont d\u00e9vou\u00e9s pour pr\u00e9parer les animations du 14 juillet, le 20\u00e8me anniversaire de l\u2019\u00e9tang et le concert des Soufflalus qui ont connu un grand succ\u00e8s.<\/p>\n","protected":false},"excerpt":{"rendered":"<p>Nouveaux locaux pour la mairie, travaux et financement : Les travaux se d\u00e9roulent comme pr\u00e9vus. Apr\u00e8s les travaux de d\u00e9molition et de gros \u0153uvre en ma\u00e7onnerie, ce sont les travaux de couverture qui sont en cours conform\u00e9ment au calendrier initial. &hellip; <a href=\"http:\/\/www.choye.fr\/?p=1096\">Continuer la lecture <span class=\"meta-nav\">&rarr;<\/span><\/a><\/p>\n","protected":false},"author":258,"featured_media":0,"comment_status":"open","ping_status":"open","sticky":false,"template":"","format":"standard","meta":{"ngg_post_thumbnail":0},"categories":[30],"tags":[],"post_mailing_queue_ids":[],"_links":{"self":[{"href":"http:\/\/www.choye.fr\/index.php?rest_route=\/wp\/v2\/posts\/1096"}],"collection":[{"href":"http:\/\/www.choye.fr\/index.php?rest_route=\/wp\/v2\/posts"}],"about":[{"href":"http:\/\/www.choye.fr\/index.php?rest_route=\/wp\/v2\/types\/post"}],"author":[{"embeddable":true,"href":"http:\/\/www.choye.fr\/index.php?rest_route=\/wp\/v2\/users\/258"}],"replies":[{"embeddable":true,"href":"http:\/\/www.choye.fr\/index.php?rest_route=%2Fwp%2Fv2%2Fcomments&post=1096"}],"version-history":[{"count":3,"href":"http:\/\/www.choye.fr\/index.php?rest_route=\/wp\/v2\/posts\/1096\/revisions"}],"predecessor-version":[{"id":1262,"href":"http:\/\/www.choye.fr\/index.php?rest_route=\/wp\/v2\/posts\/1096\/revisions\/1262"}],"wp:attachment":[{"href":"http:\/\/www.choye.fr\/index.php?rest_route=%2Fwp%2Fv2%2Fmedia&parent=1096"}],"wp:term":[{"taxonomy":"category","embeddable":true,"href":"http:\/\/www.choye.fr\/index.php?rest_route=%2Fwp%2Fv2%2Fcategories&post=1096"},{"taxonomy":"post_tag","embeddable":true,"href":"http:\/\/www.choye.fr\/index.php?rest_route=%2Fwp%2Fv2%2Ftags&post=1096"}],"curies":[{"name":"wp","href":"https:\/\/api.w.org\/{rel}","templated":true}]}}