{"id":1082,"date":"2009-07-18T22:20:53","date_gmt":"2009-07-18T21:20:53","guid":{"rendered":"http:\/\/www.choye.fr\/?p=1082"},"modified":"2009-07-18T22:20:53","modified_gmt":"2009-07-18T21:20:53","slug":"letang-a-20-ans","status":"publish","type":"post","link":"http:\/\/www.choye.fr\/?p=1082","title":{"rendered":"L&rsquo;\u00e9tang a 20 ans !"},"content":{"rendered":"<p><a href=\"http:\/\/www.choye.fr\/wp-content\/uploads\/2009\/07\/p7170006-copie.jpg\"><img decoding=\"async\" loading=\"lazy\" class=\"alignleft size-thumbnail wp-image-1083\" title=\"p7170006-copie\" src=\"http:\/\/www.choye.fr\/wp-content\/uploads\/2009\/07\/p7170006-copie-120x90.jpg\" alt=\"\" width=\"120\" height=\"90\" srcset=\"http:\/\/www.choye.fr\/wp-content\/uploads\/2009\/07\/p7170006-copie-120x90.jpg 120w, http:\/\/www.choye.fr\/wp-content\/uploads\/2009\/07\/p7170006-copie-300x225.jpg 300w, http:\/\/www.choye.fr\/wp-content\/uploads\/2009\/07\/p7170006-copie.jpg 448w\" sizes=\"(max-width: 120px) 100vw, 120px\" \/><\/a><\/p>\n<p class=\"MsoNormal\" style=\"text-align: justify; margin: 0cm 0cm 0pt;\">Daniel Biagini et R\u00e9my Charbonnet \u00e9taient \u00e0 l&rsquo;honneur aujourd&rsquo;hui \u00e0 Choye.<\/p>\n<p style=\"text-align: justify; margin: 0cm 0cm 0pt;\">C&rsquo;est en effet en\u00a01989\u00a0que Daniel Biagini a propos\u00e9 l&rsquo;am\u00e9nagement d&rsquo;un \u00e9tang de p\u00eache \u00e0 Choye. R\u00e9my Charbonnet alors maire de Choye et le conseil municipal ont\u00a0engag\u00e9 les travaux pour un montant total de\u00a079\u00a0224 Francs (environ 12\u00a0000 \u20ac) avec l&rsquo;aide du\u00a0Conseil g\u00e9n\u00e9ral et\u00a0de la R\u00e9gion\u00a0dans la cadre du contrat de Pays Gylois. C&rsquo;est gr\u00e2ce \u00e0 eux que de nombreux p\u00eacheurs et promeneurs profitent depuis 20 ans de l&rsquo;\u00e9tang de Choye, un des principaux atouts de\u00a0la commune. F\u00e9licitations \u00e0 Daniel Biagini et R\u00e9my Charbonnet.<\/p>\n","protected":false},"excerpt":{"rendered":"<p>Daniel Biagini et R\u00e9my Charbonnet \u00e9taient \u00e0 l&rsquo;honneur aujourd&rsquo;hui \u00e0 Choye. C&rsquo;est en effet en\u00a01989\u00a0que Daniel Biagini a propos\u00e9 l&rsquo;am\u00e9nagement d&rsquo;un \u00e9tang de p\u00eache \u00e0 Choye. R\u00e9my Charbonnet alors maire de Choye et le conseil municipal ont\u00a0engag\u00e9 les travaux pour &hellip; <a href=\"http:\/\/www.choye.fr\/?p=1082\">Continuer la lecture <span class=\"meta-nav\">&rarr;<\/span><\/a><\/p>\n","protected":false},"author":258,"featured_media":0,"comment_status":"open","ping_status":"open","sticky":false,"template":"","format":"standard","meta":{"ngg_post_thumbnail":0},"categories":[8,11],"tags":[],"post_mailing_queue_ids":[],"_links":{"self":[{"href":"http:\/\/www.choye.fr\/index.php?rest_route=\/wp\/v2\/posts\/1082"}],"collection":[{"href":"http:\/\/www.choye.fr\/index.php?rest_route=\/wp\/v2\/posts"}],"about":[{"href":"http:\/\/www.choye.fr\/index.php?rest_route=\/wp\/v2\/types\/post"}],"author":[{"embeddable":true,"href":"http:\/\/www.choye.fr\/index.php?rest_route=\/wp\/v2\/users\/258"}],"replies":[{"embeddable":true,"href":"http:\/\/www.choye.fr\/index.php?rest_route=%2Fwp%2Fv2%2Fcomments&post=1082"}],"version-history":[{"count":1,"href":"http:\/\/www.choye.fr\/index.php?rest_route=\/wp\/v2\/posts\/1082\/revisions"}],"predecessor-version":[{"id":1084,"href":"http:\/\/www.choye.fr\/index.php?rest_route=\/wp\/v2\/posts\/1082\/revisions\/1084"}],"wp:attachment":[{"href":"http:\/\/www.choye.fr\/index.php?rest_route=%2Fwp%2Fv2%2Fmedia&parent=1082"}],"wp:term":[{"taxonomy":"category","embeddable":true,"href":"http:\/\/www.choye.fr\/index.php?rest_route=%2Fwp%2Fv2%2Fcategories&post=1082"},{"taxonomy":"post_tag","embeddable":true,"href":"http:\/\/www.choye.fr\/index.php?rest_route=%2Fwp%2Fv2%2Ftags&post=1082"}],"curies":[{"name":"wp","href":"https:\/\/api.w.org\/{rel}","templated":true}]}}