{"id":1066,"date":"2009-07-14T00:00:08","date_gmt":"2009-07-13T23:00:08","guid":{"rendered":"http:\/\/www.choye.fr\/?p=1066"},"modified":"2009-07-15T20:58:22","modified_gmt":"2009-07-15T19:58:22","slug":"felicitations-a-gilles-maillard","status":"publish","type":"post","link":"http:\/\/www.choye.fr\/?p=1066","title":{"rendered":"F\u00e9licitations \u00e0 Gilles MAILLARD"},"content":{"rendered":"<p><a href=\"http:\/\/www.choye.fr\/wp-content\/uploads\/2009\/07\/p7130016.jpg\"><img decoding=\"async\" loading=\"lazy\" class=\"alignleft size-thumbnail wp-image-1065\" title=\"p7130016\" src=\"http:\/\/www.choye.fr\/wp-content\/uploads\/2009\/07\/p7130016-120x90.jpg\" alt=\"\" width=\"120\" height=\"90\" \/><\/a>Sympathique c\u00e9r\u00e9monie en marge des festivit\u00e9s du 14 juillet avec la remise de la m\u00e9daille d&rsquo;honneur r\u00e9gionale, d\u00e9partementale et communale \u00e0 Gilles Maillard, adjoint au Maire de Choye. Cette m\u00e9daille r\u00e9compense 20 ans en tant qu&rsquo;\u00e9lu municipal. Gilles a \u00e9t\u00e9 \u00e9lu conseiller municipal en mars 1989. Il est adjoint au Maire depuis mars 2008. F\u00e9lications \u00e0 notre ami Gilles.<\/p>\n","protected":false},"excerpt":{"rendered":"<p>Sympathique c\u00e9r\u00e9monie en marge des festivit\u00e9s du 14 juillet avec la remise de la m\u00e9daille d&rsquo;honneur r\u00e9gionale, d\u00e9partementale et communale \u00e0 Gilles Maillard, adjoint au Maire de Choye. Cette m\u00e9daille r\u00e9compense 20 ans en tant qu&rsquo;\u00e9lu municipal. Gilles a \u00e9t\u00e9 &hellip; <a href=\"http:\/\/www.choye.fr\/?p=1066\">Continuer la lecture <span class=\"meta-nav\">&rarr;<\/span><\/a><\/p>\n","protected":false},"author":258,"featured_media":0,"comment_status":"open","ping_status":"open","sticky":false,"template":"","format":"standard","meta":{"ngg_post_thumbnail":0},"categories":[11,12],"tags":[],"post_mailing_queue_ids":[],"_links":{"self":[{"href":"http:\/\/www.choye.fr\/index.php?rest_route=\/wp\/v2\/posts\/1066"}],"collection":[{"href":"http:\/\/www.choye.fr\/index.php?rest_route=\/wp\/v2\/posts"}],"about":[{"href":"http:\/\/www.choye.fr\/index.php?rest_route=\/wp\/v2\/types\/post"}],"author":[{"embeddable":true,"href":"http:\/\/www.choye.fr\/index.php?rest_route=\/wp\/v2\/users\/258"}],"replies":[{"embeddable":true,"href":"http:\/\/www.choye.fr\/index.php?rest_route=%2Fwp%2Fv2%2Fcomments&post=1066"}],"version-history":[{"count":3,"href":"http:\/\/www.choye.fr\/index.php?rest_route=\/wp\/v2\/posts\/1066\/revisions"}],"predecessor-version":[{"id":1093,"href":"http:\/\/www.choye.fr\/index.php?rest_route=\/wp\/v2\/posts\/1066\/revisions\/1093"}],"wp:attachment":[{"href":"http:\/\/www.choye.fr\/index.php?rest_route=%2Fwp%2Fv2%2Fmedia&parent=1066"}],"wp:term":[{"taxonomy":"category","embeddable":true,"href":"http:\/\/www.choye.fr\/index.php?rest_route=%2Fwp%2Fv2%2Fcategories&post=1066"},{"taxonomy":"post_tag","embeddable":true,"href":"http:\/\/www.choye.fr\/index.php?rest_route=%2Fwp%2Fv2%2Ftags&post=1066"}],"curies":[{"name":"wp","href":"https:\/\/api.w.org\/{rel}","templated":true}]}}