{"id":1049,"date":"2009-07-18T22:30:04","date_gmt":"2009-07-18T21:30:04","guid":{"rendered":"http:\/\/www.choye.fr\/?p=1049"},"modified":"2010-08-01T13:46:32","modified_gmt":"2010-08-01T12:46:32","slug":"concert-gratuit-a-letang","status":"publish","type":"post","link":"http:\/\/www.choye.fr\/?p=1049","title":{"rendered":"Les Soufflalus \u00e0 l&rsquo;\u00e9tang"},"content":{"rendered":"<p><strong><a href=\"http:\/\/www.choye.fr\/wp-content\/uploads\/2009\/07\/p7170022-copie.jpg\"><img decoding=\"async\" loading=\"lazy\" class=\"alignleft size-thumbnail wp-image-1085\" title=\"p7170022-copie\" src=\"http:\/\/www.choye.fr\/wp-content\/uploads\/2009\/07\/p7170022-copie-120x90.jpg\" alt=\"\" width=\"120\" height=\"90\" srcset=\"http:\/\/www.choye.fr\/wp-content\/uploads\/2009\/07\/p7170022-copie-120x90.jpg 120w, http:\/\/www.choye.fr\/wp-content\/uploads\/2009\/07\/p7170022-copie-300x225.jpg 300w, http:\/\/www.choye.fr\/wp-content\/uploads\/2009\/07\/p7170022-copie.jpg 448w\" sizes=\"(max-width: 120px) 100vw, 120px\" \/><\/a><\/strong>A l&rsquo;occasion du 20 \u00e8me anniversaire de l&rsquo;\u00e9tang, un \u00e9v\u00e8nement exceptionnel \u00e0 Choye avec le concert d<strong>es SOUFFLALU<\/strong><a href=\"http:\/\/www.choye.fr\/wp-content\/uploads\/2009\/07\/p7170033-copie2.jpg\"><img decoding=\"async\" loading=\"lazy\" class=\"alignright size-thumbnail wp-image-1088\" title=\"p7170033-copie2\" src=\"http:\/\/www.choye.fr\/wp-content\/uploads\/2009\/07\/p7170033-copie2-120x90.jpg\" alt=\"\" width=\"120\" height=\"90\" srcset=\"http:\/\/www.choye.fr\/wp-content\/uploads\/2009\/07\/p7170033-copie2-120x90.jpg 120w, http:\/\/www.choye.fr\/wp-content\/uploads\/2009\/07\/p7170033-copie2.jpg 283w\" sizes=\"(max-width: 120px) 100vw, 120px\" \/><\/a>. Des cuivres, des vents, des percussions,<br \/>\nCe joyeux troupeaux de musiciens jurassiens s&rsquo;est produit devant un public enthousiaste d&rsquo;une centaine de personnes qui avaient brav\u00e9 la pluie et la fra\u00eecheur pour venir les \u00e9couter\u00a0dans un bonheur Improvisation et d&rsquo;humour. F\u00e9licitation \u00e0 Gilles Buffet, conseiller municipal de choye, qui avait convaincu la joyeuse troupe des Soufflalus \u00e0 se produire dans notre village. Pour en savoir plus sur le groupe : <a href=\"http:\/\/www.soufflalu.com\/\">http:\/\/www.soufflalu.com\/<\/a><\/p>\n<p><strong>Toutes les photos <\/strong><a href=\"http:\/\/www.choye.fr\/?page_id=16&amp;album=1&amp;gallery=13\" target=\"_self\"><strong>ici<\/strong><\/a><\/p>\n","protected":false},"excerpt":{"rendered":"<p>A l&rsquo;occasion du 20 \u00e8me anniversaire de l&rsquo;\u00e9tang, un \u00e9v\u00e8nement exceptionnel \u00e0 Choye avec le concert des SOUFFLALU. Des cuivres, des vents, des percussions, Ce joyeux troupeaux de musiciens jurassiens s&rsquo;est produit devant un public enthousiaste d&rsquo;une centaine de personnes &hellip; <a href=\"http:\/\/www.choye.fr\/?p=1049\">Continuer la lecture <span class=\"meta-nav\">&rarr;<\/span><\/a><\/p>\n","protected":false},"author":258,"featured_media":0,"comment_status":"open","ping_status":"open","sticky":false,"template":"","format":"standard","meta":{"ngg_post_thumbnail":0},"categories":[8,11],"tags":[],"post_mailing_queue_ids":[],"_links":{"self":[{"href":"http:\/\/www.choye.fr\/index.php?rest_route=\/wp\/v2\/posts\/1049"}],"collection":[{"href":"http:\/\/www.choye.fr\/index.php?rest_route=\/wp\/v2\/posts"}],"about":[{"href":"http:\/\/www.choye.fr\/index.php?rest_route=\/wp\/v2\/types\/post"}],"author":[{"embeddable":true,"href":"http:\/\/www.choye.fr\/index.php?rest_route=\/wp\/v2\/users\/258"}],"replies":[{"embeddable":true,"href":"http:\/\/www.choye.fr\/index.php?rest_route=%2Fwp%2Fv2%2Fcomments&post=1049"}],"version-history":[{"count":15,"href":"http:\/\/www.choye.fr\/index.php?rest_route=\/wp\/v2\/posts\/1049\/revisions"}],"predecessor-version":[{"id":1940,"href":"http:\/\/www.choye.fr\/index.php?rest_route=\/wp\/v2\/posts\/1049\/revisions\/1940"}],"wp:attachment":[{"href":"http:\/\/www.choye.fr\/index.php?rest_route=%2Fwp%2Fv2%2Fmedia&parent=1049"}],"wp:term":[{"taxonomy":"category","embeddable":true,"href":"http:\/\/www.choye.fr\/index.php?rest_route=%2Fwp%2Fv2%2Fcategories&post=1049"},{"taxonomy":"post_tag","embeddable":true,"href":"http:\/\/www.choye.fr\/index.php?rest_route=%2Fwp%2Fv2%2Ftags&post=1049"}],"curies":[{"name":"wp","href":"https:\/\/api.w.org\/{rel}","templated":true}]}}