{"id":1035,"date":"2010-09-01T21:48:57","date_gmt":"2010-09-01T20:48:57","guid":{"rendered":"http:\/\/www.choye.fr\/?p=1035"},"modified":"2010-09-13T08:28:46","modified_gmt":"2010-09-13T07:28:46","slug":"la-piscine-a-choye","status":"publish","type":"post","link":"http:\/\/www.choye.fr\/?p=1035","title":{"rendered":"Piscine \u00e0 Choye en septembre"},"content":{"rendered":"<p><a href=\"http:\/\/www.choye.fr\/wp-content\/uploads\/2009\/07\/piscine.jpg\"><\/a><\/p>\n<p style=\"text-align: justify;\"><a href=\"http:\/\/www.choye.fr\/wp-content\/uploads\/2010\/07\/20100703-piscine.jpg\"><img decoding=\"async\" loading=\"lazy\" class=\"alignleft size-thumbnail wp-image-1853\" title=\"20100703-piscine\" src=\"http:\/\/www.choye.fr\/wp-content\/uploads\/2010\/07\/20100703-piscine-120x90.jpg\" alt=\"\" width=\"120\" height=\"90\" srcset=\"http:\/\/www.choye.fr\/wp-content\/uploads\/2010\/07\/20100703-piscine-120x90.jpg 120w, http:\/\/www.choye.fr\/wp-content\/uploads\/2010\/07\/20100703-piscine-300x225.jpg 300w, http:\/\/www.choye.fr\/wp-content\/uploads\/2010\/07\/20100703-piscine.jpg 448w\" sizes=\"(max-width: 120px) 100vw, 120px\" \/><\/a>Gr\u00e2ce \u00e0 la\u00a0nouvelle convention sign\u00e9e avec l&rsquo;IMP de Choye,\u00a0la piscine du ch\u00e2teau est ouverte aux habitants des villages de Choye, Velloreille-les-Choye et Villefrancon :\u00a0les <strong>samedi apr\u00e8s-midi<\/strong> <strong>de 14h \u00e0 18h<\/strong> (jusqu&rsquo;au\u00a018 septembre)<br \/>\nles\u00a0<strong>dimanche matin<\/strong> <strong>de 10h \u00e0 12h<\/strong> (jusqu&rsquo;au\u00a019 septembre).Pour pouvoir y acc\u00e9der, il suffit d&rsquo;acheter des tickets d&rsquo;entr\u00e9e \u00e0 la boulangerie ROUGET. Horaires\u00a0 d&rsquo;ouverture : du lundi au samedi de 7h30 \u00e0 12h30. Les tarifs sont fix\u00e9s \u00e0 1 euro par adulte et 0,5 euros par enfant.<\/p>\n","protected":false},"excerpt":{"rendered":"<p>Gr\u00e2ce \u00e0 la\u00a0nouvelle convention sign\u00e9e avec l&rsquo;IMP de Choye,\u00a0la piscine du ch\u00e2teau est ouverte aux habitants des villages de Choye, Velloreille-les-Choye et Villefrancon :\u00a0les samedi apr\u00e8s-midi de 14h \u00e0 18h (jusqu&rsquo;au\u00a018 septembre) les\u00a0dimanche matin de 10h \u00e0 12h (jusqu&rsquo;au\u00a019 septembre).Pour &hellip; <a href=\"http:\/\/www.choye.fr\/?p=1035\">Continuer la lecture <span class=\"meta-nav\">&rarr;<\/span><\/a><\/p>\n","protected":false},"author":258,"featured_media":0,"comment_status":"open","ping_status":"open","sticky":false,"template":"","format":"standard","meta":{"ngg_post_thumbnail":0},"categories":[11],"tags":[],"post_mailing_queue_ids":[],"_links":{"self":[{"href":"http:\/\/www.choye.fr\/index.php?rest_route=\/wp\/v2\/posts\/1035"}],"collection":[{"href":"http:\/\/www.choye.fr\/index.php?rest_route=\/wp\/v2\/posts"}],"about":[{"href":"http:\/\/www.choye.fr\/index.php?rest_route=\/wp\/v2\/types\/post"}],"author":[{"embeddable":true,"href":"http:\/\/www.choye.fr\/index.php?rest_route=\/wp\/v2\/users\/258"}],"replies":[{"embeddable":true,"href":"http:\/\/www.choye.fr\/index.php?rest_route=%2Fwp%2Fv2%2Fcomments&post=1035"}],"version-history":[{"count":16,"href":"http:\/\/www.choye.fr\/index.php?rest_route=\/wp\/v2\/posts\/1035\/revisions"}],"predecessor-version":[{"id":2035,"href":"http:\/\/www.choye.fr\/index.php?rest_route=\/wp\/v2\/posts\/1035\/revisions\/2035"}],"wp:attachment":[{"href":"http:\/\/www.choye.fr\/index.php?rest_route=%2Fwp%2Fv2%2Fmedia&parent=1035"}],"wp:term":[{"taxonomy":"category","embeddable":true,"href":"http:\/\/www.choye.fr\/index.php?rest_route=%2Fwp%2Fv2%2Fcategories&post=1035"},{"taxonomy":"post_tag","embeddable":true,"href":"http:\/\/www.choye.fr\/index.php?rest_route=%2Fwp%2Fv2%2Ftags&post=1035"}],"curies":[{"name":"wp","href":"https:\/\/api.w.org\/{rel}","templated":true}]}}