{"id":10279,"date":"2025-09-28T17:04:30","date_gmt":"2025-09-28T16:04:30","guid":{"rendered":"http:\/\/www.choye.fr\/?p=10279"},"modified":"2025-09-28T17:05:55","modified_gmt":"2025-09-28T16:05:55","slug":"fete-de-colombine","status":"publish","type":"post","link":"http:\/\/www.choye.fr\/?p=10279","title":{"rendered":"F\u00caTE DE COLOMBINE"},"content":{"rendered":"\n<p>120 habitants ont particip\u00e9 aux festivit\u00e9s en l&rsquo;honneur de Colombine.<\/p>\n\n\n\n<p>Vendredi, l&rsquo;Otite Orph\u00e9onique a partag\u00e9 sa musique chaleureuse avec l&rsquo;ensemble des habitants.<\/p>\n\n\n\n<p>Dimanche, c&rsquo;est le maire et son conseil municipal qui r\u00e9unissaient les habitants afin de pr\u00e9senter en exclusivit\u00e9 les panneaux de Colombine. Ces panneaux t\u00e9moignent de l&rsquo;histoire de Choye et de Villefrancon.<\/p>\n\n\n\n<p>le tout s&rsquo;est d\u00e9roul\u00e9 dans une ambiance conviviale. Le prochain rendez-vous est le 10 octobre pour un grand march\u00e9 Ville\u00e0joie!<\/p>\n\n\n\n<figure class=\"wp-block-image size-large\"><img decoding=\"async\" loading=\"lazy\" width=\"1024\" height=\"768\" src=\"http:\/\/www.choye.fr\/wp-content\/uploads\/2025\/09\/IMG-20250928-WA0021-1024x768.jpg\" alt=\"\" class=\"wp-image-10280\" srcset=\"http:\/\/www.choye.fr\/wp-content\/uploads\/2025\/09\/IMG-20250928-WA0021-1024x768.jpg 1024w, http:\/\/www.choye.fr\/wp-content\/uploads\/2025\/09\/IMG-20250928-WA0021-300x225.jpg 300w, http:\/\/www.choye.fr\/wp-content\/uploads\/2025\/09\/IMG-20250928-WA0021-120x90.jpg 120w, http:\/\/www.choye.fr\/wp-content\/uploads\/2025\/09\/IMG-20250928-WA0021-768x576.jpg 768w, http:\/\/www.choye.fr\/wp-content\/uploads\/2025\/09\/IMG-20250928-WA0021-1536x1152.jpg 1536w, http:\/\/www.choye.fr\/wp-content\/uploads\/2025\/09\/IMG-20250928-WA0021.jpg 1600w\" sizes=\"(max-width: 1024px) 100vw, 1024px\" \/><\/figure>\n\n\n\n<figure class=\"wp-block-image size-large\"><img decoding=\"async\" loading=\"lazy\" width=\"1024\" height=\"768\" src=\"http:\/\/www.choye.fr\/wp-content\/uploads\/2025\/09\/IMG-20250928-WA0027-2-1024x768.jpg\" alt=\"\" class=\"wp-image-10281\" srcset=\"http:\/\/www.choye.fr\/wp-content\/uploads\/2025\/09\/IMG-20250928-WA0027-2-1024x768.jpg 1024w, http:\/\/www.choye.fr\/wp-content\/uploads\/2025\/09\/IMG-20250928-WA0027-2-300x225.jpg 300w, http:\/\/www.choye.fr\/wp-content\/uploads\/2025\/09\/IMG-20250928-WA0027-2-120x90.jpg 120w, http:\/\/www.choye.fr\/wp-content\/uploads\/2025\/09\/IMG-20250928-WA0027-2-768x576.jpg 768w, http:\/\/www.choye.fr\/wp-content\/uploads\/2025\/09\/IMG-20250928-WA0027-2-1536x1152.jpg 1536w, http:\/\/www.choye.fr\/wp-content\/uploads\/2025\/09\/IMG-20250928-WA0027-2.jpg 2048w\" sizes=\"(max-width: 1024px) 100vw, 1024px\" \/><\/figure>\n","protected":false},"excerpt":{"rendered":"<p>120 habitants ont particip\u00e9 aux festivit\u00e9s en l&rsquo;honneur de Colombine. Vendredi, l&rsquo;Otite Orph\u00e9onique a partag\u00e9 sa musique chaleureuse avec l&rsquo;ensemble des habitants. Dimanche, c&rsquo;est le maire et son conseil municipal qui r\u00e9unissaient les habitants afin de pr\u00e9senter en exclusivit\u00e9 les &hellip; <a href=\"http:\/\/www.choye.fr\/?p=10279\">Continuer la lecture <span class=\"meta-nav\">&rarr;<\/span><\/a><\/p>\n","protected":false},"author":232,"featured_media":0,"comment_status":"closed","ping_status":"closed","sticky":false,"template":"","format":"standard","meta":{"ngg_post_thumbnail":0},"categories":[7],"tags":[],"post_mailing_queue_ids":[],"_links":{"self":[{"href":"http:\/\/www.choye.fr\/index.php?rest_route=\/wp\/v2\/posts\/10279"}],"collection":[{"href":"http:\/\/www.choye.fr\/index.php?rest_route=\/wp\/v2\/posts"}],"about":[{"href":"http:\/\/www.choye.fr\/index.php?rest_route=\/wp\/v2\/types\/post"}],"author":[{"embeddable":true,"href":"http:\/\/www.choye.fr\/index.php?rest_route=\/wp\/v2\/users\/232"}],"replies":[{"embeddable":true,"href":"http:\/\/www.choye.fr\/index.php?rest_route=%2Fwp%2Fv2%2Fcomments&post=10279"}],"version-history":[{"count":3,"href":"http:\/\/www.choye.fr\/index.php?rest_route=\/wp\/v2\/posts\/10279\/revisions"}],"predecessor-version":[{"id":10284,"href":"http:\/\/www.choye.fr\/index.php?rest_route=\/wp\/v2\/posts\/10279\/revisions\/10284"}],"wp:attachment":[{"href":"http:\/\/www.choye.fr\/index.php?rest_route=%2Fwp%2Fv2%2Fmedia&parent=10279"}],"wp:term":[{"taxonomy":"category","embeddable":true,"href":"http:\/\/www.choye.fr\/index.php?rest_route=%2Fwp%2Fv2%2Fcategories&post=10279"},{"taxonomy":"post_tag","embeddable":true,"href":"http:\/\/www.choye.fr\/index.php?rest_route=%2Fwp%2Fv2%2Ftags&post=10279"}],"curies":[{"name":"wp","href":"https:\/\/api.w.org\/{rel}","templated":true}]}}