{"id":10230,"date":"2025-04-02T16:41:35","date_gmt":"2025-04-02T15:41:35","guid":{"rendered":"http:\/\/www.choye.fr\/?p=10230"},"modified":"2025-04-02T16:41:35","modified_gmt":"2025-04-02T15:41:35","slug":"le-casc-change-de-tete","status":"publish","type":"post","link":"http:\/\/www.choye.fr\/?p=10230","title":{"rendered":"Le CASC change de t\u00eate !"},"content":{"rendered":"\n<p>Lors de l&rsquo;assembl\u00e9e g\u00e9n\u00e9rale de Choye Animation Sport et Culture le 8 mars dernier, Isabelle Franchini Pr\u00e9sidente depuis 2015 \u00e0 pass\u00e9 le relais \u00e0 Laura Cottin, pr\u00e9alablement secr\u00e9taire.<\/p>\n\n\n\n<p> Pr\u00e9c\u00e9demment, la pr\u00e9sidente avait rappell\u00e9 avec son bureau les nombreuses actions mises en place au profit des habitants et pour la renomm\u00e9e du village. L&rsquo;assembl\u00e9e a aussi pu appr\u00e9cier la bonne sant\u00e9 financi\u00e8re de l&rsquo;association gr\u00e2ce \u00e0 l&rsquo;organisation du bal depuis 2 ans.<\/p>\n\n\n\n<p>Guillaume Bouttemy,  d\u00e9sormais Maire de Colombine, a tenu \u00e0 souligner l&rsquo;excellent travail et le grand d\u00e9vouement d&rsquo;Isabelle et de son \u00e9quipe. Cette association est importante pour les Choyens, et aussi d\u00e9sormais pour les Villefranconnais venus nombreux assister \u00e0 la r\u00e9union. Une volont\u00e9 d&rsquo;union aussi pour aider au dynamisme des b\u00e9n\u00e9voles a compl\u00e9t\u00e9 Philippe Billotet, 1er adjoint de Colombine et Maire historique de Villefrancon.<\/p>\n\n\n\n<p>Rendez-vous est donn\u00e9 par la nouvelle pr\u00e9sidente \u00e0 l&rsquo;occasion de la chasse aux oeufs le lundi 21 avril matin, l&rsquo;information sera communiqu\u00e9e prochainement.<\/p>\n\n\n\n<p>Les personnes qui souhaitent participer \u00e0 l&rsquo;association et ainsi \u00e0 la vie du village peuvent contacter la mairie qui fera suivre.<\/p>\n\n\n\n<p>mairiecolombine@gmail.com<\/p>\n\n\n\n<figure class=\"wp-block-image size-large\"><img decoding=\"async\" loading=\"lazy\" width=\"1024\" height=\"768\" src=\"http:\/\/www.choye.fr\/wp-content\/uploads\/2025\/04\/20250308_111059-1024x768.jpg\" alt=\"\" class=\"wp-image-10231\" srcset=\"http:\/\/www.choye.fr\/wp-content\/uploads\/2025\/04\/20250308_111059-1024x768.jpg 1024w, http:\/\/www.choye.fr\/wp-content\/uploads\/2025\/04\/20250308_111059-300x225.jpg 300w, http:\/\/www.choye.fr\/wp-content\/uploads\/2025\/04\/20250308_111059-120x90.jpg 120w, http:\/\/www.choye.fr\/wp-content\/uploads\/2025\/04\/20250308_111059-768x576.jpg 768w, http:\/\/www.choye.fr\/wp-content\/uploads\/2025\/04\/20250308_111059-1536x1152.jpg 1536w, http:\/\/www.choye.fr\/wp-content\/uploads\/2025\/04\/20250308_111059-2048x1536.jpg 2048w\" sizes=\"(max-width: 1024px) 100vw, 1024px\" \/><figcaption class=\"wp-element-caption\">Laura Cottin \u00e0 droite nouvelle pr\u00e9sidente du CASC, encourag\u00e9e par Isabelle Franchini apr\u00e8s lui avoir transmis le relais.<\/figcaption><\/figure>\n\n\n\n<figure class=\"wp-block-image size-large\"><img decoding=\"async\" loading=\"lazy\" width=\"1024\" height=\"768\" src=\"http:\/\/www.choye.fr\/wp-content\/uploads\/2025\/04\/20250308_101244-1024x768.jpg\" alt=\"\" class=\"wp-image-10232\" srcset=\"http:\/\/www.choye.fr\/wp-content\/uploads\/2025\/04\/20250308_101244-1024x768.jpg 1024w, http:\/\/www.choye.fr\/wp-content\/uploads\/2025\/04\/20250308_101244-300x225.jpg 300w, http:\/\/www.choye.fr\/wp-content\/uploads\/2025\/04\/20250308_101244-120x90.jpg 120w, http:\/\/www.choye.fr\/wp-content\/uploads\/2025\/04\/20250308_101244-768x576.jpg 768w, http:\/\/www.choye.fr\/wp-content\/uploads\/2025\/04\/20250308_101244-1536x1152.jpg 1536w, http:\/\/www.choye.fr\/wp-content\/uploads\/2025\/04\/20250308_101244-2048x1536.jpg 2048w\" sizes=\"(max-width: 1024px) 100vw, 1024px\" \/><figcaption class=\"wp-element-caption\">L&rsquo;assembl\u00e9e venue de Choye et d\u00e9sormais aussi de Villefrancon avec le but commun de faire vivre notre village.<\/figcaption><\/figure>\n","protected":false},"excerpt":{"rendered":"<p>Lors de l&rsquo;assembl\u00e9e g\u00e9n\u00e9rale de Choye Animation Sport et Culture le 8 mars dernier, Isabelle Franchini Pr\u00e9sidente depuis 2015 \u00e0 pass\u00e9 le relais \u00e0 Laura Cottin, pr\u00e9alablement secr\u00e9taire. Pr\u00e9c\u00e9demment, la pr\u00e9sidente avait rappell\u00e9 avec son bureau les nombreuses actions mises &hellip; <a href=\"http:\/\/www.choye.fr\/?p=10230\">Continuer la lecture <span class=\"meta-nav\">&rarr;<\/span><\/a><\/p>\n","protected":false},"author":232,"featured_media":0,"comment_status":"closed","ping_status":"closed","sticky":false,"template":"","format":"standard","meta":{"ngg_post_thumbnail":0},"categories":[7],"tags":[],"post_mailing_queue_ids":[],"_links":{"self":[{"href":"http:\/\/www.choye.fr\/index.php?rest_route=\/wp\/v2\/posts\/10230"}],"collection":[{"href":"http:\/\/www.choye.fr\/index.php?rest_route=\/wp\/v2\/posts"}],"about":[{"href":"http:\/\/www.choye.fr\/index.php?rest_route=\/wp\/v2\/types\/post"}],"author":[{"embeddable":true,"href":"http:\/\/www.choye.fr\/index.php?rest_route=\/wp\/v2\/users\/232"}],"replies":[{"embeddable":true,"href":"http:\/\/www.choye.fr\/index.php?rest_route=%2Fwp%2Fv2%2Fcomments&post=10230"}],"version-history":[{"count":2,"href":"http:\/\/www.choye.fr\/index.php?rest_route=\/wp\/v2\/posts\/10230\/revisions"}],"predecessor-version":[{"id":10234,"href":"http:\/\/www.choye.fr\/index.php?rest_route=\/wp\/v2\/posts\/10230\/revisions\/10234"}],"wp:attachment":[{"href":"http:\/\/www.choye.fr\/index.php?rest_route=%2Fwp%2Fv2%2Fmedia&parent=10230"}],"wp:term":[{"taxonomy":"category","embeddable":true,"href":"http:\/\/www.choye.fr\/index.php?rest_route=%2Fwp%2Fv2%2Fcategories&post=10230"},{"taxonomy":"post_tag","embeddable":true,"href":"http:\/\/www.choye.fr\/index.php?rest_route=%2Fwp%2Fv2%2Ftags&post=10230"}],"curies":[{"name":"wp","href":"https:\/\/api.w.org\/{rel}","templated":true}]}}