{"id":10127,"date":"2024-09-14T11:15:52","date_gmt":"2024-09-14T10:15:52","guid":{"rendered":"http:\/\/www.choye.fr\/?p=10127"},"modified":"2024-09-14T11:26:39","modified_gmt":"2024-09-14T10:26:39","slug":"degradations-2","status":"publish","type":"post","link":"http:\/\/www.choye.fr\/?p=10127","title":{"rendered":"D\u00e9gradations"},"content":{"rendered":"\n<p>Les fleurs mises en place par les b\u00e9n\u00e9voles de La Colombine autour de l&rsquo;\u00e9tang ont \u00e9t\u00e9 d\u00e9grad\u00e9es. Ce geste  fera l&rsquo;objet d&rsquo;une plainte d\u00e9pos\u00e9e par la commune.<\/p>\n\n\n\n<figure class=\"is-layout-flex wp-block-gallery-1 wp-block-gallery has-nested-images columns-default is-cropped\">\n<figure class=\"wp-block-image size-large\"><img decoding=\"async\" loading=\"lazy\" width=\"360\" height=\"640\" data-id=\"10130\"  src=\"http:\/\/www.choye.fr\/wp-content\/uploads\/2024\/09\/IMG_10321.jpg\" alt=\"\" class=\"wp-image-10130\" srcset=\"http:\/\/www.choye.fr\/wp-content\/uploads\/2024\/09\/IMG_10321.jpg 360w, http:\/\/www.choye.fr\/wp-content\/uploads\/2024\/09\/IMG_10321-169x300.jpg 169w\" sizes=\"(max-width: 360px) 100vw, 360px\" \/><\/figure>\n\n\n\n<figure class=\"wp-block-image size-large\"><img decoding=\"async\" loading=\"lazy\" width=\"360\" height=\"640\" data-id=\"10128\"  src=\"http:\/\/www.choye.fr\/wp-content\/uploads\/2024\/09\/IMG_10331-1.jpg\" alt=\"\" class=\"wp-image-10128\" srcset=\"http:\/\/www.choye.fr\/wp-content\/uploads\/2024\/09\/IMG_10331-1.jpg 360w, http:\/\/www.choye.fr\/wp-content\/uploads\/2024\/09\/IMG_10331-1-169x300.jpg 169w\" sizes=\"(max-width: 360px) 100vw, 360px\" \/><\/figure>\n\n\n\n<figure class=\"wp-block-image size-large\"><img decoding=\"async\" loading=\"lazy\" width=\"360\" height=\"480\" data-id=\"10129\"  src=\"http:\/\/www.choye.fr\/wp-content\/uploads\/2024\/09\/IMG_10341-2.jpg\" alt=\"\" class=\"wp-image-10129\" srcset=\"http:\/\/www.choye.fr\/wp-content\/uploads\/2024\/09\/IMG_10341-2.jpg 360w, http:\/\/www.choye.fr\/wp-content\/uploads\/2024\/09\/IMG_10341-2-225x300.jpg 225w\" sizes=\"(max-width: 360px) 100vw, 360px\" \/><\/figure>\n<\/figure>\n\n\n\n<figure class=\"wp-block-image\"><img alt=\"\"\/><\/figure>\n","protected":false},"excerpt":{"rendered":"<p>Les fleurs mises en place par les b\u00e9n\u00e9voles de La Colombine autour de l&rsquo;\u00e9tang ont \u00e9t\u00e9 d\u00e9grad\u00e9es. Ce geste fera l&rsquo;objet d&rsquo;une plainte d\u00e9pos\u00e9e par la commune.<\/p>\n","protected":false},"author":232,"featured_media":0,"comment_status":"closed","ping_status":"closed","sticky":false,"template":"","format":"standard","meta":{"ngg_post_thumbnail":0},"categories":[7],"tags":[],"post_mailing_queue_ids":[],"_links":{"self":[{"href":"http:\/\/www.choye.fr\/index.php?rest_route=\/wp\/v2\/posts\/10127"}],"collection":[{"href":"http:\/\/www.choye.fr\/index.php?rest_route=\/wp\/v2\/posts"}],"about":[{"href":"http:\/\/www.choye.fr\/index.php?rest_route=\/wp\/v2\/types\/post"}],"author":[{"embeddable":true,"href":"http:\/\/www.choye.fr\/index.php?rest_route=\/wp\/v2\/users\/232"}],"replies":[{"embeddable":true,"href":"http:\/\/www.choye.fr\/index.php?rest_route=%2Fwp%2Fv2%2Fcomments&post=10127"}],"version-history":[{"count":2,"href":"http:\/\/www.choye.fr\/index.php?rest_route=\/wp\/v2\/posts\/10127\/revisions"}],"predecessor-version":[{"id":10132,"href":"http:\/\/www.choye.fr\/index.php?rest_route=\/wp\/v2\/posts\/10127\/revisions\/10132"}],"wp:attachment":[{"href":"http:\/\/www.choye.fr\/index.php?rest_route=%2Fwp%2Fv2%2Fmedia&parent=10127"}],"wp:term":[{"taxonomy":"category","embeddable":true,"href":"http:\/\/www.choye.fr\/index.php?rest_route=%2Fwp%2Fv2%2Fcategories&post=10127"},{"taxonomy":"post_tag","embeddable":true,"href":"http:\/\/www.choye.fr\/index.php?rest_route=%2Fwp%2Fv2%2Ftags&post=10127"}],"curies":[{"name":"wp","href":"https:\/\/api.w.org\/{rel}","templated":true}]}}