{"id":1011,"date":"2009-06-21T07:49:36","date_gmt":"2009-06-21T06:49:36","guid":{"rendered":"http:\/\/www.choye.fr\/?p=1011"},"modified":"2009-06-22T16:03:34","modified_gmt":"2009-06-22T15:03:34","slug":"communaute-de-communes-des-monts-de-gy-2","status":"publish","type":"post","link":"http:\/\/www.choye.fr\/?p=1011","title":{"rendered":"Communaut\u00e9 de communes des Monts de Gy"},"content":{"rendered":"<p><img decoding=\"async\" loading=\"lazy\" class=\"alignleft size-thumbnail wp-image-1012\" title=\"ccmgy-reunion-130609\" src=\"http:\/\/www.choye.fr\/wp-content\/uploads\/2009\/06\/ccmgy-reunion-130609-120x90.jpg\" alt=\"\" width=\"120\" height=\"90\" srcset=\"http:\/\/www.choye.fr\/wp-content\/uploads\/2009\/06\/ccmgy-reunion-130609-120x90.jpg 120w, http:\/\/www.choye.fr\/wp-content\/uploads\/2009\/06\/ccmgy-reunion-130609-300x225.jpg 300w, http:\/\/www.choye.fr\/wp-content\/uploads\/2009\/06\/ccmgy-reunion-130609.jpg 480w\" sizes=\"(max-width: 120px) 100vw, 120px\" \/><strong>Guy CHEVANNE<\/strong>, Pr\u00e9sident, et <strong>Michel RENEVIER<\/strong>, vice-pr\u00e9sident de la communaut\u00e9 de communes\u00a0ont rencontr\u00e9 les <strong>conseillers municipaux<\/strong> des communes d&rsquo;Autoreille, Charcenne, Choye, Velloreille-les-Choye et Villefrancon. Les conseillers\u00a0municipaux ont \u00e9t\u00e9 inform\u00e9s des forces et faiblesses d\u2019un territoire qui regroupe, \u00e0 ce jour, 25 communes pour une population de presque 6 000 habitants.<!--more--><\/p>\n<p>Les priorit\u00e9s ont \u00e9t\u00e9 pr\u00e9cis\u00e9es : l&#8217;emploi et le d\u00e9veloppement \u00e9conomique, la cr\u00e9ation de nouveaux logements et l\u2019am\u00e9lioration du cadre de vie\u00a0; les locaux p\u00e9riscolaires, l&rsquo;attractivit\u00e9 du territoire,\u00a0le commerce l&rsquo;artisanat le tourisme ainsi que la vie associative et culturelle.<\/p>\n<p><strong>L\u2019h\u00f4tel d\u2019entreprises<\/strong> construit par Action 70, avec le soutien du Conseil g\u00e9n\u00e9ral et de la Communaut\u00e9 de communes sur la zone d\u2019activit\u00e9s de Gy. Les travaux d\u2019am\u00e9nagement des nouveaux locaux pour <strong>l\u2019accueil p\u00e9riscolaire<\/strong> de Bucey-les-Gy sont engag\u00e9s. Et depuis la r\u00e9cente ouverture du service d\u2019accueil p\u00e9riscolaire \u00e0 Charcenne, ce sont l\u2019ensemble des \u00e9l\u00e8ves de la Communaut\u00e9 de communes qui peuvent b\u00e9n\u00e9ficier de ce service.\u00a0Dans les prochaines semaines d\u00e9marre l\u2019Op\u00e9ration Programm\u00e9e d\u2019Am\u00e9lioration de l\u2019Habitat <strong>(OPAH)<\/strong> qui permettra de cr\u00e9er environ 60 nouveaux logements et d\u2019en r\u00e9nover une centaine dans les quatre prochaines ann\u00e9es, et, l\u2019Op\u00e9ration de Redynamisation du Commerce et de l\u2019Artisanat <strong>(ORAC)<\/strong> qui permettra d\u2019aider les commer\u00e7ants et artisans \u00e0 r\u00e9nover leurs points de vente.\u00a0D\u2019autres projets sont \u00e0 l\u2019\u00e9tude comme l\u2019\u00e9laboration d\u2019un Plan Local d\u2019Urbanisme <strong>(PLU)<\/strong> communautaire, la <strong>r\u00e9novation des \u00e9coles<\/strong> ou la collecte s\u00e9lective des <strong>ordures m\u00e9nag\u00e8res<\/strong> en porte \u00e0 porte.<\/p>\n","protected":false},"excerpt":{"rendered":"<p>Guy CHEVANNE, Pr\u00e9sident, et Michel RENEVIER, vice-pr\u00e9sident de la communaut\u00e9 de communes\u00a0ont rencontr\u00e9 les conseillers municipaux des communes d&rsquo;Autoreille, Charcenne, Choye, Velloreille-les-Choye et Villefrancon. Les conseillers\u00a0municipaux ont \u00e9t\u00e9 inform\u00e9s des forces et faiblesses d\u2019un territoire qui regroupe, \u00e0 ce jour, &hellip; <a href=\"http:\/\/www.choye.fr\/?p=1011\">Continuer la lecture <span class=\"meta-nav\">&rarr;<\/span><\/a><\/p>\n","protected":false},"author":258,"featured_media":0,"comment_status":"open","ping_status":"open","sticky":false,"template":"","format":"standard","meta":{"ngg_post_thumbnail":0},"categories":[22],"tags":[],"post_mailing_queue_ids":[],"_links":{"self":[{"href":"http:\/\/www.choye.fr\/index.php?rest_route=\/wp\/v2\/posts\/1011"}],"collection":[{"href":"http:\/\/www.choye.fr\/index.php?rest_route=\/wp\/v2\/posts"}],"about":[{"href":"http:\/\/www.choye.fr\/index.php?rest_route=\/wp\/v2\/types\/post"}],"author":[{"embeddable":true,"href":"http:\/\/www.choye.fr\/index.php?rest_route=\/wp\/v2\/users\/258"}],"replies":[{"embeddable":true,"href":"http:\/\/www.choye.fr\/index.php?rest_route=%2Fwp%2Fv2%2Fcomments&post=1011"}],"version-history":[{"count":6,"href":"http:\/\/www.choye.fr\/index.php?rest_route=\/wp\/v2\/posts\/1011\/revisions"}],"predecessor-version":[{"id":1014,"href":"http:\/\/www.choye.fr\/index.php?rest_route=\/wp\/v2\/posts\/1011\/revisions\/1014"}],"wp:attachment":[{"href":"http:\/\/www.choye.fr\/index.php?rest_route=%2Fwp%2Fv2%2Fmedia&parent=1011"}],"wp:term":[{"taxonomy":"category","embeddable":true,"href":"http:\/\/www.choye.fr\/index.php?rest_route=%2Fwp%2Fv2%2Fcategories&post=1011"},{"taxonomy":"post_tag","embeddable":true,"href":"http:\/\/www.choye.fr\/index.php?rest_route=%2Fwp%2Fv2%2Ftags&post=1011"}],"curies":[{"name":"wp","href":"https:\/\/api.w.org\/{rel}","templated":true}]}}