{"id":1007,"date":"2009-06-18T08:36:16","date_gmt":"2009-06-18T07:36:16","guid":{"rendered":"http:\/\/www.choye.fr\/?p=1007"},"modified":"2010-08-01T13:48:23","modified_gmt":"2010-08-01T12:48:23","slug":"feu-de-la-saint-jean","status":"publish","type":"post","link":"http:\/\/www.choye.fr\/?p=1007","title":{"rendered":"Feu de la Saint Jean"},"content":{"rendered":"<p style=\"text-align: center;\"><a href=\"http:\/\/www.choye.fr\/wp-content\/uploads\/2009\/06\/feu.jpg\"><img decoding=\"async\" loading=\"lazy\" class=\"alignleft size-thumbnail wp-image-1008\" title=\"feu\" src=\"http:\/\/www.choye.fr\/wp-content\/uploads\/2009\/06\/feu-120x90.jpg\" alt=\"\" width=\"120\" height=\"90\" \/><\/a><strong>Vendredi 26 juin \u00e0 partir de 17h30<\/strong><\/p>\n<p style=\"text-align: justify;\">Les enfants, l&rsquo;ensemble du personnel et la direction auront plaisir \u00e0 faire d\u00e9couvrir l&rsquo;\u00e9tablissement, vous accueillir aux multiples stands de jeux, vous pr\u00e9senter leurs r\u00e9alisations, vous proposer des repr\u00e9sentations de l&rsquo;\u00e9cole d emusique de Gray et vous faire visiter les nouveaux locaux d&rsquo;h\u00e9bergement du pavillon neuf. Buffet, Buvette. <strong>21h30 : embrasement d&rsquo;une construction en bois r\u00e9alis\u00e9e par les enfants de l&rsquo;\u00e9tablissement.<\/strong><\/p>\n<p style=\"text-align: justify;\">\u00a0<\/p>\n","protected":false},"excerpt":{"rendered":"<p>Vendredi 26 juin \u00e0 partir de 17h30 Les enfants, l&rsquo;ensemble du personnel et la direction auront plaisir \u00e0 faire d\u00e9couvrir l&rsquo;\u00e9tablissement, vous accueillir aux multiples stands de jeux, vous pr\u00e9senter leurs r\u00e9alisations, vous proposer des repr\u00e9sentations de l&rsquo;\u00e9cole d emusique &hellip; <a href=\"http:\/\/www.choye.fr\/?p=1007\">Continuer la lecture <span class=\"meta-nav\">&rarr;<\/span><\/a><\/p>\n","protected":false},"author":258,"featured_media":0,"comment_status":"open","ping_status":"open","sticky":false,"template":"","format":"standard","meta":{"ngg_post_thumbnail":0},"categories":[8,11],"tags":[],"post_mailing_queue_ids":[],"_links":{"self":[{"href":"http:\/\/www.choye.fr\/index.php?rest_route=\/wp\/v2\/posts\/1007"}],"collection":[{"href":"http:\/\/www.choye.fr\/index.php?rest_route=\/wp\/v2\/posts"}],"about":[{"href":"http:\/\/www.choye.fr\/index.php?rest_route=\/wp\/v2\/types\/post"}],"author":[{"embeddable":true,"href":"http:\/\/www.choye.fr\/index.php?rest_route=\/wp\/v2\/users\/258"}],"replies":[{"embeddable":true,"href":"http:\/\/www.choye.fr\/index.php?rest_route=%2Fwp%2Fv2%2Fcomments&post=1007"}],"version-history":[{"count":4,"href":"http:\/\/www.choye.fr\/index.php?rest_route=\/wp\/v2\/posts\/1007\/revisions"}],"predecessor-version":[{"id":1943,"href":"http:\/\/www.choye.fr\/index.php?rest_route=\/wp\/v2\/posts\/1007\/revisions\/1943"}],"wp:attachment":[{"href":"http:\/\/www.choye.fr\/index.php?rest_route=%2Fwp%2Fv2%2Fmedia&parent=1007"}],"wp:term":[{"taxonomy":"category","embeddable":true,"href":"http:\/\/www.choye.fr\/index.php?rest_route=%2Fwp%2Fv2%2Fcategories&post=1007"},{"taxonomy":"post_tag","embeddable":true,"href":"http:\/\/www.choye.fr\/index.php?rest_route=%2Fwp%2Fv2%2Ftags&post=1007"}],"curies":[{"name":"wp","href":"https:\/\/api.w.org\/{rel}","templated":true}]}}